{"id":2577,"date":"2023-04-18T08:00:18","date_gmt":"2023-04-18T08:00:18","guid":{"rendered":"https:\/\/financiere-teychene.com\/?p=2577"},"modified":"2023-10-06T15:24:21","modified_gmt":"2023-10-06T15:24:21","slug":"le-groupe-sengage-dans-la-transition-energetique-avec-evzen-by-smeg","status":"publish","type":"post","link":"https:\/\/financiere-teychene.com\/en\/2023\/04\/18\/le-groupe-sengage-dans-la-transition-energetique-avec-evzen-by-smeg\/","title":{"rendered":"Financi\u00e8re Teychen\u00e9 Group Embarks on Energy Transition with EVzen by SMEG"},"content":{"rendered":"<p class=\" translation-block\">Financi\u00e8re Teychen\u00e9 Group proudly announces a strategic partnership with EVzen by SMEG for the installation and operation of fast and ultra-fast charging stations across its sites.<\/p>\n<p><span style=\"color: #4e4e4e; font-size: 20px;\"><strong>This collaboration will equip 167 sites within the group with EVzen stations, providing easy and convenient access to charging for all electric vehicle drivers.<\/strong><\/span><\/p>\n<p><span style=\"color: #4e4e4e;\"><img fetchpriority=\"high\" decoding=\"async\" class=\"alignnone wp-image-2581 size-full\" style=\"margin-top: 12px; margin-bottom: 12px;\" src=\"https:\/\/financiere-teychene.com\/wp-content\/uploads\/2023\/08\/Smeg-Monaco.png\" alt=\"\" width=\"768\" height=\"461\" srcset=\"https:\/\/financiere-teychene.com\/wp-content\/uploads\/2023\/08\/Smeg-Monaco.png 768w, https:\/\/financiere-teychene.com\/wp-content\/uploads\/2023\/08\/Smeg-Monaco-300x180.png 300w\" sizes=\"(max-width: 768px) 100vw, 768px\" \/><\/span><\/p>\n<p><span style=\"color: #4e4e4e;\">Recently, the Management of Financi\u00e8re Teychen\u00e9 Group visited Monaco, invited by SMEG, to discuss the deployment of EVzen stations at their locations.<\/span><\/p>\n<p><span style=\"color: #4e4e4e;\">Avec plus de 1000 points de recharge r\u00e9partis sur presque 200 sites en France et en Belgique, le groupe s&rsquo;engage pleinement dans la transition \u00e9nerg\u00e9tique en offrant des infrastructures de recharge \u00e9lectrique fiables et performantes.<\/span><\/p>\n<p><span style=\"color: #4e4e4e;\">This commitment to electric mobility reinforces Financi\u00e8re Teychen\u00e9 Group's dedication to contributing to a more sustainable and environmentally friendly future.<\/span><\/p>\n<p><span style=\"color: #4e4e4e;\">By offering accessible and efficient charging solutions, the group facilitates the adoption of electric vehicles for its employees, partners, and tenants.<\/span><\/p>\n<p><span style=\"color: #4e4e4e;\">During the visit to Monaco, the Management of Financi\u00e8re Teychen\u00e9 Group participated in strategic meetings, utilized the Mobee shared electric mobility service, and enjoyed an exceptional moment at The Maybourne Riviera restaurant.<\/span><\/p>\n<p><span style=\"color: #4e4e4e;\">This unique experience strengthened the bond between the two entities and confirmed their common desire to promote electric mobility and sustainable charging infrastructure development.<\/span><\/p>\n<p><span style=\"color: #4e4e4e;\">The deployment of EVzen by SMEG stations at Financi\u00e8re Teychen\u00e9 Group sites showcases their commitment to electric mobility and their dedication to creating an EV-friendly environment. These fast and ultra-fast charging stations will offer users a convenient, rapid, and secure charging experience, contributing to the growth of electric mobility in France and Belgium.<\/span><\/p>\n<p><span style=\"color: #4e4e4e;\">Stay tuned for updates on the progress of this partnership and future developments in electric mobility within Financi\u00e8re Teychen\u00e9 Group. We continue to innovate and implement sustainable solutions to meet the needs of our clients and contribute to a greener future.<\/span><\/p>","protected":false},"excerpt":{"rendered":"<p class=\" translation-block\">Financi\u00e8re Teychen\u00e9 Group proudly announces a strategic partnership with EVzen by SMEG for the installation and operation of fast and ultra-fast charging stations across its sites.<\/p>","protected":false},"author":1,"featured_media":2580,"comment_status":"closed","ping_status":"closed","sticky":false,"template":"","format":"standard","meta":{"_acf_changed":false,"footnotes":""},"categories":[22,23],"tags":[],"class_list":["post-2577","post","type-post","status-publish","format-standard","has-post-thumbnail","hentry","category-partenariats","category-rse"],"acf":[],"yoast_head":"<!-- This site is optimized with the Yoast SEO plugin v23.0 - https:\/\/yoast.com\/wordpress\/plugins\/seo\/ -->\n<title>Le Groupe s&#039;engage dans la transition \u00e9nerg\u00e9tique avec EVzen by SMEG &#8226; Groupe Financi\u00e8re Teychen\u00e9<\/title>\n<meta name=\"robots\" content=\"index, follow, max-snippet:-1, max-image-preview:large, max-video-preview:-1\" \/>\n<link rel=\"canonical\" href=\"https:\/\/financiere-teychene.com\/en\/2023\/04\/18\/le-groupe-sengage-dans-la-transition-energetique-avec-evzen-by-smeg\/\" \/>\n<meta property=\"og:locale\" content=\"en_GB\" \/>\n<meta property=\"og:type\" content=\"article\" \/>\n<meta property=\"og:title\" content=\"Le Groupe s&#039;engage dans la transition \u00e9nerg\u00e9tique avec EVzen by SMEG &#8226; Groupe Financi\u00e8re Teychen\u00e9\" \/>\n<meta property=\"og:description\" content=\"Le Groupe Financi\u00e8re Teychen\u00e9 annonce un partenariat strat\u00e9gique avec EVzen by SMEG pour l&#039;installation et l&#039;exploitation de stations de recharge rapide et ultra-rapide sur ses sites.\" \/>\n<meta property=\"og:url\" content=\"https:\/\/financiere-teychene.com\/en\/2023\/04\/18\/le-groupe-sengage-dans-la-transition-energetique-avec-evzen-by-smeg\/\" \/>\n<meta property=\"og:site_name\" content=\"Groupe Financi\u00e8re Teychen\u00e9\" \/>\n<meta property=\"article:published_time\" content=\"2023-04-18T08:00:18+00:00\" \/>\n<meta property=\"article:modified_time\" content=\"2023-10-06T15:24:21+00:00\" \/>\n<meta property=\"og:image\" content=\"https:\/\/financiere-teychene.com\/wp-content\/uploads\/2023\/08\/station-EVzen.png\" \/>\n\t<meta property=\"og:image:width\" content=\"768\" \/>\n\t<meta property=\"og:image:height\" content=\"466\" \/>\n\t<meta property=\"og:image:type\" content=\"image\/png\" \/>\n<meta name=\"author\" content=\"Solutadmin\" \/>\n<meta name=\"twitter:card\" content=\"summary_large_image\" \/>\n<meta name=\"twitter:label1\" content=\"Written by\" \/>\n\t<meta name=\"twitter:data1\" content=\"Solutadmin\" \/>\n\t<meta name=\"twitter:label2\" content=\"Estimated reading time\" \/>\n\t<meta name=\"twitter:data2\" content=\"3 minutes\" \/>\n<script type=\"application\/ld+json\" class=\"yoast-schema-graph\">{\"@context\":\"https:\/\/schema.org\",\"@graph\":[{\"@type\":\"NewsArticle\",\"@id\":\"https:\/\/financiere-teychene.com\/2023\/04\/18\/le-groupe-sengage-dans-la-transition-energetique-avec-evzen-by-smeg\/#article\",\"isPartOf\":{\"@id\":\"https:\/\/financiere-teychene.com\/2023\/04\/18\/le-groupe-sengage-dans-la-transition-energetique-avec-evzen-by-smeg\/\"},\"author\":{\"name\":\"Solutadmin\",\"@id\":\"https:\/\/financiere-teychene.com\/#\/schema\/person\/ff67b70754071d97941ed7ecc8082bcc\"},\"headline\":\"Le Groupe s&rsquo;engage dans la transition \u00e9nerg\u00e9tique avec EVzen by SMEG\",\"datePublished\":\"2023-04-18T08:00:18+00:00\",\"dateModified\":\"2023-10-06T15:24:21+00:00\",\"mainEntityOfPage\":{\"@id\":\"https:\/\/financiere-teychene.com\/2023\/04\/18\/le-groupe-sengage-dans-la-transition-energetique-avec-evzen-by-smeg\/\"},\"wordCount\":388,\"publisher\":{\"@id\":\"https:\/\/financiere-teychene.com\/#organization\"},\"image\":{\"@id\":\"https:\/\/financiere-teychene.com\/2023\/04\/18\/le-groupe-sengage-dans-la-transition-energetique-avec-evzen-by-smeg\/#primaryimage\"},\"thumbnailUrl\":\"https:\/\/financiere-teychene.com\/wp-content\/uploads\/2023\/08\/station-EVzen.png\",\"articleSection\":[\"PARTENARIATS\",\"RSE\"],\"inLanguage\":\"en-GB\"},{\"@type\":\"WebPage\",\"@id\":\"https:\/\/financiere-teychene.com\/2023\/04\/18\/le-groupe-sengage-dans-la-transition-energetique-avec-evzen-by-smeg\/\",\"url\":\"https:\/\/financiere-teychene.com\/2023\/04\/18\/le-groupe-sengage-dans-la-transition-energetique-avec-evzen-by-smeg\/\",\"name\":\"Le Groupe s'engage dans la transition \u00e9nerg\u00e9tique avec EVzen by SMEG &#8226; Groupe Financi\u00e8re Teychen\u00e9\",\"isPartOf\":{\"@id\":\"https:\/\/financiere-teychene.com\/#website\"},\"primaryImageOfPage\":{\"@id\":\"https:\/\/financiere-teychene.com\/2023\/04\/18\/le-groupe-sengage-dans-la-transition-energetique-avec-evzen-by-smeg\/#primaryimage\"},\"image\":{\"@id\":\"https:\/\/financiere-teychene.com\/2023\/04\/18\/le-groupe-sengage-dans-la-transition-energetique-avec-evzen-by-smeg\/#primaryimage\"},\"thumbnailUrl\":\"https:\/\/financiere-teychene.com\/wp-content\/uploads\/2023\/08\/station-EVzen.png\",\"datePublished\":\"2023-04-18T08:00:18+00:00\",\"dateModified\":\"2023-10-06T15:24:21+00:00\",\"breadcrumb\":{\"@id\":\"https:\/\/financiere-teychene.com\/2023\/04\/18\/le-groupe-sengage-dans-la-transition-energetique-avec-evzen-by-smeg\/#breadcrumb\"},\"inLanguage\":\"en-GB\",\"potentialAction\":[{\"@type\":\"ReadAction\",\"target\":[\"https:\/\/financiere-teychene.com\/2023\/04\/18\/le-groupe-sengage-dans-la-transition-energetique-avec-evzen-by-smeg\/\"]}]},{\"@type\":\"ImageObject\",\"inLanguage\":\"en-GB\",\"@id\":\"https:\/\/financiere-teychene.com\/2023\/04\/18\/le-groupe-sengage-dans-la-transition-energetique-avec-evzen-by-smeg\/#primaryimage\",\"url\":\"https:\/\/financiere-teychene.com\/wp-content\/uploads\/2023\/08\/station-EVzen.png\",\"contentUrl\":\"https:\/\/financiere-teychene.com\/wp-content\/uploads\/2023\/08\/station-EVzen.png\",\"width\":768,\"height\":466},{\"@type\":\"BreadcrumbList\",\"@id\":\"https:\/\/financiere-teychene.com\/2023\/04\/18\/le-groupe-sengage-dans-la-transition-energetique-avec-evzen-by-smeg\/#breadcrumb\",\"itemListElement\":[{\"@type\":\"ListItem\",\"position\":1,\"name\":\"Accueil\",\"item\":\"https:\/\/financiere-teychene.com\/\"},{\"@type\":\"ListItem\",\"position\":2,\"name\":\"Le Groupe s&rsquo;engage dans la transition \u00e9nerg\u00e9tique avec EVzen by SMEG\"}]},{\"@type\":\"WebSite\",\"@id\":\"https:\/\/financiere-teychene.com\/#website\",\"url\":\"https:\/\/financiere-teychene.com\/\",\"name\":\"Groupe Financi\u00e8re Teychen\u00e9\",\"description\":\"N\u00b01 des fonci\u00e8res priv\u00e9es non c\u00f4t\u00e9es en Bourse\",\"publisher\":{\"@id\":\"https:\/\/financiere-teychene.com\/#organization\"},\"alternateName\":\"Groupe Financi\u00e8re Teychen\u00e9\",\"potentialAction\":[{\"@type\":\"SearchAction\",\"target\":{\"@type\":\"EntryPoint\",\"urlTemplate\":\"https:\/\/financiere-teychene.com\/?s={search_term_string}\"},\"query-input\":\"required name=search_term_string\"}],\"inLanguage\":\"en-GB\"},{\"@type\":\"Organization\",\"@id\":\"https:\/\/financiere-teychene.com\/#organization\",\"name\":\"Groupe Financi\u00e8re Teychen\u00e9\",\"alternateName\":\"Financi\u00e8re Teychen\u00e9\",\"url\":\"https:\/\/financiere-teychene.com\/\",\"logo\":{\"@type\":\"ImageObject\",\"inLanguage\":\"en-GB\",\"@id\":\"https:\/\/financiere-teychene.com\/#\/schema\/logo\/image\/\",\"url\":\"https:\/\/financiere-teychene.com\/wp-content\/uploads\/2023\/09\/LogoTEYCHENE-Quadri-Horizontal.png\",\"contentUrl\":\"https:\/\/financiere-teychene.com\/wp-content\/uploads\/2023\/09\/LogoTEYCHENE-Quadri-Horizontal.png\",\"width\":2481,\"height\":677,\"caption\":\"Groupe Financi\u00e8re Teychen\u00e9\"},\"image\":{\"@id\":\"https:\/\/financiere-teychene.com\/#\/schema\/logo\/image\/\"},\"sameAs\":[\"https:\/\/www.linkedin.com\/company\/groupe-financire-teychen\"]},{\"@type\":\"Person\",\"@id\":\"https:\/\/financiere-teychene.com\/#\/schema\/person\/ff67b70754071d97941ed7ecc8082bcc\",\"name\":\"Solutadmin\",\"sameAs\":[\"https:\/\/financiere-teychene.com\"],\"url\":\"https:\/\/financiere-teychene.com\/en\/author\/Solutadmin\/\"}]}<\/script>\n<!-- \/ Yoast SEO plugin. -->","yoast_head_json":{"title":"Le Groupe s'engage dans la transition \u00e9nerg\u00e9tique avec EVzen by SMEG &#8226; Groupe Financi\u00e8re Teychen\u00e9","robots":{"index":"index","follow":"follow","max-snippet":"max-snippet:-1","max-image-preview":"max-image-preview:large","max-video-preview":"max-video-preview:-1"},"canonical":"https:\/\/financiere-teychene.com\/en\/2023\/04\/18\/le-groupe-sengage-dans-la-transition-energetique-avec-evzen-by-smeg\/","og_locale":"en_GB","og_type":"article","og_title":"Le Groupe s'engage dans la transition \u00e9nerg\u00e9tique avec EVzen by SMEG &#8226; Groupe Financi\u00e8re Teychen\u00e9","og_description":"Le Groupe Financi\u00e8re Teychen\u00e9 annonce un partenariat strat\u00e9gique avec EVzen by SMEG pour l'installation et l'exploitation de stations de recharge rapide et ultra-rapide sur ses sites.","og_url":"https:\/\/financiere-teychene.com\/en\/2023\/04\/18\/le-groupe-sengage-dans-la-transition-energetique-avec-evzen-by-smeg\/","og_site_name":"Groupe Financi\u00e8re Teychen\u00e9","article_published_time":"2023-04-18T08:00:18+00:00","article_modified_time":"2023-10-06T15:24:21+00:00","og_image":[{"width":768,"height":466,"url":"https:\/\/financiere-teychene.com\/wp-content\/uploads\/2023\/08\/station-EVzen.png","type":"image\/png"}],"author":"Solutadmin","twitter_card":"summary_large_image","twitter_misc":{"Written by":"Solutadmin","Estimated reading time":"3 minutes"},"schema":{"@context":"https:\/\/schema.org","@graph":[{"@type":"NewsArticle","@id":"https:\/\/financiere-teychene.com\/2023\/04\/18\/le-groupe-sengage-dans-la-transition-energetique-avec-evzen-by-smeg\/#article","isPartOf":{"@id":"https:\/\/financiere-teychene.com\/2023\/04\/18\/le-groupe-sengage-dans-la-transition-energetique-avec-evzen-by-smeg\/"},"author":{"name":"Solutadmin","@id":"https:\/\/financiere-teychene.com\/#\/schema\/person\/ff67b70754071d97941ed7ecc8082bcc"},"headline":"Le Groupe s&rsquo;engage dans la transition \u00e9nerg\u00e9tique avec EVzen by SMEG","datePublished":"2023-04-18T08:00:18+00:00","dateModified":"2023-10-06T15:24:21+00:00","mainEntityOfPage":{"@id":"https:\/\/financiere-teychene.com\/2023\/04\/18\/le-groupe-sengage-dans-la-transition-energetique-avec-evzen-by-smeg\/"},"wordCount":388,"publisher":{"@id":"https:\/\/financiere-teychene.com\/#organization"},"image":{"@id":"https:\/\/financiere-teychene.com\/2023\/04\/18\/le-groupe-sengage-dans-la-transition-energetique-avec-evzen-by-smeg\/#primaryimage"},"thumbnailUrl":"https:\/\/financiere-teychene.com\/wp-content\/uploads\/2023\/08\/station-EVzen.png","articleSection":["PARTENARIATS","RSE"],"inLanguage":"en-GB"},{"@type":"WebPage","@id":"https:\/\/financiere-teychene.com\/2023\/04\/18\/le-groupe-sengage-dans-la-transition-energetique-avec-evzen-by-smeg\/","url":"https:\/\/financiere-teychene.com\/2023\/04\/18\/le-groupe-sengage-dans-la-transition-energetique-avec-evzen-by-smeg\/","name":"Le Groupe s'engage dans la transition \u00e9nerg\u00e9tique avec EVzen by SMEG &#8226; Groupe Financi\u00e8re Teychen\u00e9","isPartOf":{"@id":"https:\/\/financiere-teychene.com\/#website"},"primaryImageOfPage":{"@id":"https:\/\/financiere-teychene.com\/2023\/04\/18\/le-groupe-sengage-dans-la-transition-energetique-avec-evzen-by-smeg\/#primaryimage"},"image":{"@id":"https:\/\/financiere-teychene.com\/2023\/04\/18\/le-groupe-sengage-dans-la-transition-energetique-avec-evzen-by-smeg\/#primaryimage"},"thumbnailUrl":"https:\/\/financiere-teychene.com\/wp-content\/uploads\/2023\/08\/station-EVzen.png","datePublished":"2023-04-18T08:00:18+00:00","dateModified":"2023-10-06T15:24:21+00:00","breadcrumb":{"@id":"https:\/\/financiere-teychene.com\/2023\/04\/18\/le-groupe-sengage-dans-la-transition-energetique-avec-evzen-by-smeg\/#breadcrumb"},"inLanguage":"en-GB","potentialAction":[{"@type":"ReadAction","target":["https:\/\/financiere-teychene.com\/2023\/04\/18\/le-groupe-sengage-dans-la-transition-energetique-avec-evzen-by-smeg\/"]}]},{"@type":"ImageObject","inLanguage":"en-GB","@id":"https:\/\/financiere-teychene.com\/2023\/04\/18\/le-groupe-sengage-dans-la-transition-energetique-avec-evzen-by-smeg\/#primaryimage","url":"https:\/\/financiere-teychene.com\/wp-content\/uploads\/2023\/08\/station-EVzen.png","contentUrl":"https:\/\/financiere-teychene.com\/wp-content\/uploads\/2023\/08\/station-EVzen.png","width":768,"height":466},{"@type":"BreadcrumbList","@id":"https:\/\/financiere-teychene.com\/2023\/04\/18\/le-groupe-sengage-dans-la-transition-energetique-avec-evzen-by-smeg\/#breadcrumb","itemListElement":[{"@type":"ListItem","position":1,"name":"Accueil","item":"https:\/\/financiere-teychene.com\/"},{"@type":"ListItem","position":2,"name":"Le Groupe s&rsquo;engage dans la transition \u00e9nerg\u00e9tique avec EVzen by SMEG"}]},{"@type":"WebSite","@id":"https:\/\/financiere-teychene.com\/#website","url":"https:\/\/financiere-teychene.com\/","name":"Groupe Financi\u00e8re Teychen\u00e9","description":"N\u00b01 des fonci\u00e8res priv\u00e9es non c\u00f4t\u00e9es en Bourse","publisher":{"@id":"https:\/\/financiere-teychene.com\/#organization"},"alternateName":"Groupe Financi\u00e8re Teychen\u00e9","potentialAction":[{"@type":"SearchAction","target":{"@type":"EntryPoint","urlTemplate":"https:\/\/financiere-teychene.com\/?s={search_term_string}"},"query-input":"required name=search_term_string"}],"inLanguage":"en-GB"},{"@type":"Organization","@id":"https:\/\/financiere-teychene.com\/#organization","name":"Groupe Financi\u00e8re Teychen\u00e9","alternateName":"Financi\u00e8re Teychen\u00e9","url":"https:\/\/financiere-teychene.com\/","logo":{"@type":"ImageObject","inLanguage":"en-GB","@id":"https:\/\/financiere-teychene.com\/#\/schema\/logo\/image\/","url":"https:\/\/financiere-teychene.com\/wp-content\/uploads\/2023\/09\/LogoTEYCHENE-Quadri-Horizontal.png","contentUrl":"https:\/\/financiere-teychene.com\/wp-content\/uploads\/2023\/09\/LogoTEYCHENE-Quadri-Horizontal.png","width":2481,"height":677,"caption":"Groupe Financi\u00e8re Teychen\u00e9"},"image":{"@id":"https:\/\/financiere-teychene.com\/#\/schema\/logo\/image\/"},"sameAs":["https:\/\/www.linkedin.com\/company\/groupe-financire-teychen"]},{"@type":"Person","@id":"https:\/\/financiere-teychene.com\/#\/schema\/person\/ff67b70754071d97941ed7ecc8082bcc","name":"Solutadmin","sameAs":["https:\/\/financiere-teychene.com"],"url":"https:\/\/financiere-teychene.com\/en\/author\/Solutadmin\/"}]}},"_links":{"self":[{"href":"https:\/\/financiere-teychene.com\/en\/wp-json\/wp\/v2\/posts\/2577","targetHints":{"allow":["GET"]}}],"collection":[{"href":"https:\/\/financiere-teychene.com\/en\/wp-json\/wp\/v2\/posts"}],"about":[{"href":"https:\/\/financiere-teychene.com\/en\/wp-json\/wp\/v2\/types\/post"}],"author":[{"embeddable":true,"href":"https:\/\/financiere-teychene.com\/en\/wp-json\/wp\/v2\/users\/1"}],"replies":[{"embeddable":true,"href":"https:\/\/financiere-teychene.com\/en\/wp-json\/wp\/v2\/comments?post=2577"}],"version-history":[{"count":0,"href":"https:\/\/financiere-teychene.com\/en\/wp-json\/wp\/v2\/posts\/2577\/revisions"}],"wp:featuredmedia":[{"embeddable":true,"href":"https:\/\/financiere-teychene.com\/en\/wp-json\/wp\/v2\/media\/2580"}],"wp:attachment":[{"href":"https:\/\/financiere-teychene.com\/en\/wp-json\/wp\/v2\/media?parent=2577"}],"wp:term":[{"taxonomy":"category","embeddable":true,"href":"https:\/\/financiere-teychene.com\/en\/wp-json\/wp\/v2\/categories?post=2577"},{"taxonomy":"post_tag","embeddable":true,"href":"https:\/\/financiere-teychene.com\/en\/wp-json\/wp\/v2\/tags?post=2577"}],"curies":[{"name":"wp","href":"https:\/\/api.w.org\/{rel}","templated":true}]}}