{"id":7780,"date":"2023-11-22T08:46:14","date_gmt":"2023-11-22T08:46:14","guid":{"rendered":"https:\/\/financiere-teychene.com\/?p=7780"},"modified":"2023-12-06T15:56:10","modified_gmt":"2023-12-06T15:56:10","slug":"lequipe-commerciale-presente-au-prochain-salon-mapic","status":"publish","type":"post","link":"https:\/\/financiere-teychene.com\/en\/2023\/11\/22\/lequipe-commerciale-presente-au-prochain-salon-mapic\/","title":{"rendered":"L&rsquo;\u00e9quipe commerciale pr\u00e9sente au prochain salon MAPIC"},"content":{"rendered":"<p>Toute l&rsquo;\u00e9quipe commerciale sera pr\u00e9sente au <strong>MAPIC, le plus grand salon international de l&rsquo;immobilier commercial, du 28 au 30\/11\/2023 au Palais des Festivals de Cannes.<\/strong><\/p>\n<p>Th\u00e9matique \u00e0 l\u2019honneur cette ann\u00e9e : L\u2019\u00e8re de la croissance responsable : s\u2019engager pour un avenir meilleur.<\/p>\n<p><a href=\"https:\/\/www.linkedin.com\/company\/mapic\/\" data-attribute-index=\"0\" data-entity-type=\"MINI_COMPANY\">MAPIC World<\/a> est l\u2019\u00e9v\u00e9nement incontournable permettant de transformer les centres commerciaux et les\u00a0centres-villes traditionnels en v\u00e9ritables lieux de vie. Seul salon en\u00a0France\u00a0qui r\u00e9unit tous les acteurs leaders de l\u2019industrie de pr\u00e8s de 75 pays, pour analyser les derni\u00e8res tendances et les meilleures solutions \u00e0 impl\u00e9menter \u00e0 l&rsquo;\u00e9chelle mondiale.<\/p>\n<p>Ce rendez-vous annuel de la communaut\u00e9 internationale de l\u2019immobilier commercial, des loisirs et de la restauration est une occasion id\u00e9ale pour permettre aux participants de faire des affaires, de trouver les bons partenaires, de r\u00e9fl\u00e9chir \u00e0 de nouveaux mod\u00e8les commerciaux et de d\u00e9couvrir les tendances et les concepts de l&rsquo;industrie, dans un monde en constante mutation.<\/p>\n<p><strong>Rencontrez notre \u00e9quipe sur place et \u00e9changez sur tous vos projets !<\/strong><\/p>\n<p><img fetchpriority=\"high\" decoding=\"async\" class=\"alignnone size-medium wp-image-7795\" src=\"https:\/\/financiere-teychene.com\/wp-content\/uploads\/2023\/11\/Mapic-23-225x300.jpg\" alt=\"\" width=\"225\" height=\"300\" srcset=\"https:\/\/financiere-teychene.com\/wp-content\/uploads\/2023\/11\/Mapic-23-225x300.jpg 225w, https:\/\/financiere-teychene.com\/wp-content\/uploads\/2023\/11\/Mapic-23-9x12.jpg 9w, https:\/\/financiere-teychene.com\/wp-content\/uploads\/2023\/11\/Mapic-23.jpg 768w\" sizes=\"(max-width: 225px) 100vw, 225px\" \/><\/p>","protected":false},"excerpt":{"rendered":"<p>Toute l&rsquo;\u00e9quipe commerciale sera pr\u00e9sente au MAPIC, le plus grand salon international de l&rsquo;immobilier commercial, du 28 au 30\/11\/2023 au Palais des Festivals de Cannes.<\/p>","protected":false},"author":5,"featured_media":7790,"comment_status":"closed","ping_status":"closed","sticky":false,"template":"","format":"standard","meta":{"_acf_changed":false,"footnotes":""},"categories":[24,41],"tags":[],"class_list":["post-7780","post","type-post","status-publish","format-standard","has-post-thumbnail","hentry","category-groupe","category-salon"],"acf":[],"yoast_head":"<!-- This site is optimized with the Yoast SEO plugin v23.0 - https:\/\/yoast.com\/wordpress\/plugins\/seo\/ -->\n<title>L&#039;\u00e9quipe commerciale pr\u00e9sente au prochain salon MAPIC &#8226; Groupe Financi\u00e8re Teychen\u00e9<\/title>\n<meta name=\"description\" content=\"Toute l&#039;\u00e9quipe commerciale sera pr\u00e9sente au MAPIC, le plus grand salon international de l&#039;immobilier commercial, du 28 au 30\/11\/2023 au Palais des Festivals de Cannes.\" \/>\n<meta name=\"robots\" content=\"index, follow, max-snippet:-1, max-image-preview:large, max-video-preview:-1\" \/>\n<link rel=\"canonical\" href=\"https:\/\/financiere-teychene.com\/en\/2023\/11\/22\/lequipe-commerciale-presente-au-prochain-salon-mapic\/\" \/>\n<meta property=\"og:locale\" content=\"en_GB\" \/>\n<meta property=\"og:type\" content=\"article\" \/>\n<meta property=\"og:title\" content=\"L&#039;\u00e9quipe commerciale pr\u00e9sente au prochain salon MAPIC &#8226; Groupe Financi\u00e8re Teychen\u00e9\" \/>\n<meta property=\"og:description\" content=\"Toute l&#039;\u00e9quipe commerciale sera pr\u00e9sente au MAPIC, le plus grand salon international de l&#039;immobilier commercial, du 28 au 30\/11\/2023 au Palais des Festivals de Cannes.\" \/>\n<meta property=\"og:url\" content=\"https:\/\/financiere-teychene.com\/en\/2023\/11\/22\/lequipe-commerciale-presente-au-prochain-salon-mapic\/\" \/>\n<meta property=\"og:site_name\" content=\"Groupe Financi\u00e8re Teychen\u00e9\" \/>\n<meta property=\"article:published_time\" content=\"2023-11-22T08:46:14+00:00\" \/>\n<meta property=\"article:modified_time\" content=\"2023-12-06T15:56:10+00:00\" \/>\n<meta property=\"og:image\" content=\"https:\/\/financiere-teychene.com\/wp-content\/uploads\/2023\/11\/beachfront-scene-cannes-france_1147-579.jpg\" \/>\n\t<meta property=\"og:image:width\" content=\"996\" \/>\n\t<meta property=\"og:image:height\" content=\"664\" \/>\n\t<meta property=\"og:image:type\" content=\"image\/jpeg\" \/>\n<meta name=\"author\" content=\"Adeline Ducos\" \/>\n<meta name=\"twitter:card\" content=\"summary_large_image\" \/>\n<meta name=\"twitter:label1\" content=\"Written by\" \/>\n\t<meta name=\"twitter:data1\" content=\"Adeline Ducos\" \/>\n\t<meta name=\"twitter:label2\" content=\"Estimated reading time\" \/>\n\t<meta name=\"twitter:data2\" content=\"2 minutes\" \/>\n<script type=\"application\/ld+json\" class=\"yoast-schema-graph\">{\"@context\":\"https:\/\/schema.org\",\"@graph\":[{\"@type\":\"NewsArticle\",\"@id\":\"https:\/\/financiere-teychene.com\/2023\/11\/22\/lequipe-commerciale-presente-au-prochain-salon-mapic\/#article\",\"isPartOf\":{\"@id\":\"https:\/\/financiere-teychene.com\/2023\/11\/22\/lequipe-commerciale-presente-au-prochain-salon-mapic\/\"},\"author\":{\"name\":\"Adeline Ducos\",\"@id\":\"https:\/\/financiere-teychene.com\/#\/schema\/person\/8fbd34afa1793212c90f35a4e9d588bc\"},\"headline\":\"L&rsquo;\u00e9quipe commerciale pr\u00e9sente au prochain salon MAPIC\",\"datePublished\":\"2023-11-22T08:46:14+00:00\",\"dateModified\":\"2023-12-06T15:56:10+00:00\",\"mainEntityOfPage\":{\"@id\":\"https:\/\/financiere-teychene.com\/2023\/11\/22\/lequipe-commerciale-presente-au-prochain-salon-mapic\/\"},\"wordCount\":182,\"publisher\":{\"@id\":\"https:\/\/financiere-teychene.com\/#organization\"},\"image\":{\"@id\":\"https:\/\/financiere-teychene.com\/2023\/11\/22\/lequipe-commerciale-presente-au-prochain-salon-mapic\/#primaryimage\"},\"thumbnailUrl\":\"https:\/\/financiere-teychene.com\/wp-content\/uploads\/2023\/11\/beachfront-scene-cannes-france_1147-579.jpg\",\"articleSection\":[\"GROUPE\",\"SALON\"],\"inLanguage\":\"en-GB\"},{\"@type\":\"WebPage\",\"@id\":\"https:\/\/financiere-teychene.com\/2023\/11\/22\/lequipe-commerciale-presente-au-prochain-salon-mapic\/\",\"url\":\"https:\/\/financiere-teychene.com\/2023\/11\/22\/lequipe-commerciale-presente-au-prochain-salon-mapic\/\",\"name\":\"L'\u00e9quipe commerciale pr\u00e9sente au prochain salon MAPIC &#8226; Groupe Financi\u00e8re Teychen\u00e9\",\"isPartOf\":{\"@id\":\"https:\/\/financiere-teychene.com\/#website\"},\"primaryImageOfPage\":{\"@id\":\"https:\/\/financiere-teychene.com\/2023\/11\/22\/lequipe-commerciale-presente-au-prochain-salon-mapic\/#primaryimage\"},\"image\":{\"@id\":\"https:\/\/financiere-teychene.com\/2023\/11\/22\/lequipe-commerciale-presente-au-prochain-salon-mapic\/#primaryimage\"},\"thumbnailUrl\":\"https:\/\/financiere-teychene.com\/wp-content\/uploads\/2023\/11\/beachfront-scene-cannes-france_1147-579.jpg\",\"datePublished\":\"2023-11-22T08:46:14+00:00\",\"dateModified\":\"2023-12-06T15:56:10+00:00\",\"description\":\"Toute l'\u00e9quipe commerciale sera pr\u00e9sente au MAPIC, le plus grand salon international de l'immobilier commercial, du 28 au 30\/11\/2023 au Palais des Festivals de Cannes.\",\"breadcrumb\":{\"@id\":\"https:\/\/financiere-teychene.com\/2023\/11\/22\/lequipe-commerciale-presente-au-prochain-salon-mapic\/#breadcrumb\"},\"inLanguage\":\"en-GB\",\"potentialAction\":[{\"@type\":\"ReadAction\",\"target\":[\"https:\/\/financiere-teychene.com\/2023\/11\/22\/lequipe-commerciale-presente-au-prochain-salon-mapic\/\"]}]},{\"@type\":\"ImageObject\",\"inLanguage\":\"en-GB\",\"@id\":\"https:\/\/financiere-teychene.com\/2023\/11\/22\/lequipe-commerciale-presente-au-prochain-salon-mapic\/#primaryimage\",\"url\":\"https:\/\/financiere-teychene.com\/wp-content\/uploads\/2023\/11\/beachfront-scene-cannes-france_1147-579.jpg\",\"contentUrl\":\"https:\/\/financiere-teychene.com\/wp-content\/uploads\/2023\/11\/beachfront-scene-cannes-france_1147-579.jpg\",\"width\":996,\"height\":664},{\"@type\":\"BreadcrumbList\",\"@id\":\"https:\/\/financiere-teychene.com\/2023\/11\/22\/lequipe-commerciale-presente-au-prochain-salon-mapic\/#breadcrumb\",\"itemListElement\":[{\"@type\":\"ListItem\",\"position\":1,\"name\":\"Accueil\",\"item\":\"https:\/\/financiere-teychene.com\/\"},{\"@type\":\"ListItem\",\"position\":2,\"name\":\"L&rsquo;\u00e9quipe commerciale pr\u00e9sente au prochain salon MAPIC\"}]},{\"@type\":\"WebSite\",\"@id\":\"https:\/\/financiere-teychene.com\/#website\",\"url\":\"https:\/\/financiere-teychene.com\/\",\"name\":\"Groupe Financi\u00e8re Teychen\u00e9\",\"description\":\"N\u00b01 des fonci\u00e8res priv\u00e9es non c\u00f4t\u00e9es en Bourse\",\"publisher\":{\"@id\":\"https:\/\/financiere-teychene.com\/#organization\"},\"alternateName\":\"Groupe Financi\u00e8re Teychen\u00e9\",\"potentialAction\":[{\"@type\":\"SearchAction\",\"target\":{\"@type\":\"EntryPoint\",\"urlTemplate\":\"https:\/\/financiere-teychene.com\/?s={search_term_string}\"},\"query-input\":\"required name=search_term_string\"}],\"inLanguage\":\"en-GB\"},{\"@type\":\"Organization\",\"@id\":\"https:\/\/financiere-teychene.com\/#organization\",\"name\":\"Groupe Financi\u00e8re Teychen\u00e9\",\"alternateName\":\"Financi\u00e8re Teychen\u00e9\",\"url\":\"https:\/\/financiere-teychene.com\/\",\"logo\":{\"@type\":\"ImageObject\",\"inLanguage\":\"en-GB\",\"@id\":\"https:\/\/financiere-teychene.com\/#\/schema\/logo\/image\/\",\"url\":\"https:\/\/financiere-teychene.com\/wp-content\/uploads\/2023\/09\/LogoTEYCHENE-Quadri-Horizontal.png\",\"contentUrl\":\"https:\/\/financiere-teychene.com\/wp-content\/uploads\/2023\/09\/LogoTEYCHENE-Quadri-Horizontal.png\",\"width\":2481,\"height\":677,\"caption\":\"Groupe Financi\u00e8re Teychen\u00e9\"},\"image\":{\"@id\":\"https:\/\/financiere-teychene.com\/#\/schema\/logo\/image\/\"},\"sameAs\":[\"https:\/\/www.linkedin.com\/company\/groupe-financire-teychen\"]},{\"@type\":\"Person\",\"@id\":\"https:\/\/financiere-teychene.com\/#\/schema\/person\/8fbd34afa1793212c90f35a4e9d588bc\",\"name\":\"Adeline Ducos\",\"url\":\"https:\/\/financiere-teychene.com\/en\/author\/adeline-ducos\/\"}]}<\/script>\n<!-- \/ Yoast SEO plugin. -->","yoast_head_json":{"title":"L'\u00e9quipe commerciale pr\u00e9sente au prochain salon MAPIC &#8226; Groupe Financi\u00e8re Teychen\u00e9","description":"Toute l'\u00e9quipe commerciale sera pr\u00e9sente au MAPIC, le plus grand salon international de l'immobilier commercial, du 28 au 30\/11\/2023 au Palais des Festivals de Cannes.","robots":{"index":"index","follow":"follow","max-snippet":"max-snippet:-1","max-image-preview":"max-image-preview:large","max-video-preview":"max-video-preview:-1"},"canonical":"https:\/\/financiere-teychene.com\/en\/2023\/11\/22\/lequipe-commerciale-presente-au-prochain-salon-mapic\/","og_locale":"en_GB","og_type":"article","og_title":"L'\u00e9quipe commerciale pr\u00e9sente au prochain salon MAPIC &#8226; Groupe Financi\u00e8re Teychen\u00e9","og_description":"Toute l'\u00e9quipe commerciale sera pr\u00e9sente au MAPIC, le plus grand salon international de l'immobilier commercial, du 28 au 30\/11\/2023 au Palais des Festivals de Cannes.","og_url":"https:\/\/financiere-teychene.com\/en\/2023\/11\/22\/lequipe-commerciale-presente-au-prochain-salon-mapic\/","og_site_name":"Groupe Financi\u00e8re Teychen\u00e9","article_published_time":"2023-11-22T08:46:14+00:00","article_modified_time":"2023-12-06T15:56:10+00:00","og_image":[{"width":996,"height":664,"url":"https:\/\/financiere-teychene.com\/wp-content\/uploads\/2023\/11\/beachfront-scene-cannes-france_1147-579.jpg","type":"image\/jpeg"}],"author":"Adeline Ducos","twitter_card":"summary_large_image","twitter_misc":{"Written by":"Adeline Ducos","Estimated reading time":"2 minutes"},"schema":{"@context":"https:\/\/schema.org","@graph":[{"@type":"NewsArticle","@id":"https:\/\/financiere-teychene.com\/2023\/11\/22\/lequipe-commerciale-presente-au-prochain-salon-mapic\/#article","isPartOf":{"@id":"https:\/\/financiere-teychene.com\/2023\/11\/22\/lequipe-commerciale-presente-au-prochain-salon-mapic\/"},"author":{"name":"Adeline Ducos","@id":"https:\/\/financiere-teychene.com\/#\/schema\/person\/8fbd34afa1793212c90f35a4e9d588bc"},"headline":"L&rsquo;\u00e9quipe commerciale pr\u00e9sente au prochain salon MAPIC","datePublished":"2023-11-22T08:46:14+00:00","dateModified":"2023-12-06T15:56:10+00:00","mainEntityOfPage":{"@id":"https:\/\/financiere-teychene.com\/2023\/11\/22\/lequipe-commerciale-presente-au-prochain-salon-mapic\/"},"wordCount":182,"publisher":{"@id":"https:\/\/financiere-teychene.com\/#organization"},"image":{"@id":"https:\/\/financiere-teychene.com\/2023\/11\/22\/lequipe-commerciale-presente-au-prochain-salon-mapic\/#primaryimage"},"thumbnailUrl":"https:\/\/financiere-teychene.com\/wp-content\/uploads\/2023\/11\/beachfront-scene-cannes-france_1147-579.jpg","articleSection":["GROUPE","SALON"],"inLanguage":"en-GB"},{"@type":"WebPage","@id":"https:\/\/financiere-teychene.com\/2023\/11\/22\/lequipe-commerciale-presente-au-prochain-salon-mapic\/","url":"https:\/\/financiere-teychene.com\/2023\/11\/22\/lequipe-commerciale-presente-au-prochain-salon-mapic\/","name":"L'\u00e9quipe commerciale pr\u00e9sente au prochain salon MAPIC &#8226; Groupe Financi\u00e8re Teychen\u00e9","isPartOf":{"@id":"https:\/\/financiere-teychene.com\/#website"},"primaryImageOfPage":{"@id":"https:\/\/financiere-teychene.com\/2023\/11\/22\/lequipe-commerciale-presente-au-prochain-salon-mapic\/#primaryimage"},"image":{"@id":"https:\/\/financiere-teychene.com\/2023\/11\/22\/lequipe-commerciale-presente-au-prochain-salon-mapic\/#primaryimage"},"thumbnailUrl":"https:\/\/financiere-teychene.com\/wp-content\/uploads\/2023\/11\/beachfront-scene-cannes-france_1147-579.jpg","datePublished":"2023-11-22T08:46:14+00:00","dateModified":"2023-12-06T15:56:10+00:00","description":"Toute l'\u00e9quipe commerciale sera pr\u00e9sente au MAPIC, le plus grand salon international de l'immobilier commercial, du 28 au 30\/11\/2023 au Palais des Festivals de Cannes.","breadcrumb":{"@id":"https:\/\/financiere-teychene.com\/2023\/11\/22\/lequipe-commerciale-presente-au-prochain-salon-mapic\/#breadcrumb"},"inLanguage":"en-GB","potentialAction":[{"@type":"ReadAction","target":["https:\/\/financiere-teychene.com\/2023\/11\/22\/lequipe-commerciale-presente-au-prochain-salon-mapic\/"]}]},{"@type":"ImageObject","inLanguage":"en-GB","@id":"https:\/\/financiere-teychene.com\/2023\/11\/22\/lequipe-commerciale-presente-au-prochain-salon-mapic\/#primaryimage","url":"https:\/\/financiere-teychene.com\/wp-content\/uploads\/2023\/11\/beachfront-scene-cannes-france_1147-579.jpg","contentUrl":"https:\/\/financiere-teychene.com\/wp-content\/uploads\/2023\/11\/beachfront-scene-cannes-france_1147-579.jpg","width":996,"height":664},{"@type":"BreadcrumbList","@id":"https:\/\/financiere-teychene.com\/2023\/11\/22\/lequipe-commerciale-presente-au-prochain-salon-mapic\/#breadcrumb","itemListElement":[{"@type":"ListItem","position":1,"name":"Accueil","item":"https:\/\/financiere-teychene.com\/"},{"@type":"ListItem","position":2,"name":"L&rsquo;\u00e9quipe commerciale pr\u00e9sente au prochain salon MAPIC"}]},{"@type":"WebSite","@id":"https:\/\/financiere-teychene.com\/#website","url":"https:\/\/financiere-teychene.com\/","name":"Groupe Financi\u00e8re Teychen\u00e9","description":"N\u00b01 des fonci\u00e8res priv\u00e9es non c\u00f4t\u00e9es en Bourse","publisher":{"@id":"https:\/\/financiere-teychene.com\/#organization"},"alternateName":"Groupe Financi\u00e8re Teychen\u00e9","potentialAction":[{"@type":"SearchAction","target":{"@type":"EntryPoint","urlTemplate":"https:\/\/financiere-teychene.com\/?s={search_term_string}"},"query-input":"required name=search_term_string"}],"inLanguage":"en-GB"},{"@type":"Organization","@id":"https:\/\/financiere-teychene.com\/#organization","name":"Groupe Financi\u00e8re Teychen\u00e9","alternateName":"Financi\u00e8re Teychen\u00e9","url":"https:\/\/financiere-teychene.com\/","logo":{"@type":"ImageObject","inLanguage":"en-GB","@id":"https:\/\/financiere-teychene.com\/#\/schema\/logo\/image\/","url":"https:\/\/financiere-teychene.com\/wp-content\/uploads\/2023\/09\/LogoTEYCHENE-Quadri-Horizontal.png","contentUrl":"https:\/\/financiere-teychene.com\/wp-content\/uploads\/2023\/09\/LogoTEYCHENE-Quadri-Horizontal.png","width":2481,"height":677,"caption":"Groupe Financi\u00e8re Teychen\u00e9"},"image":{"@id":"https:\/\/financiere-teychene.com\/#\/schema\/logo\/image\/"},"sameAs":["https:\/\/www.linkedin.com\/company\/groupe-financire-teychen"]},{"@type":"Person","@id":"https:\/\/financiere-teychene.com\/#\/schema\/person\/8fbd34afa1793212c90f35a4e9d588bc","name":"Adeline Ducos","url":"https:\/\/financiere-teychene.com\/en\/author\/adeline-ducos\/"}]}},"_links":{"self":[{"href":"https:\/\/financiere-teychene.com\/en\/wp-json\/wp\/v2\/posts\/7780","targetHints":{"allow":["GET"]}}],"collection":[{"href":"https:\/\/financiere-teychene.com\/en\/wp-json\/wp\/v2\/posts"}],"about":[{"href":"https:\/\/financiere-teychene.com\/en\/wp-json\/wp\/v2\/types\/post"}],"author":[{"embeddable":true,"href":"https:\/\/financiere-teychene.com\/en\/wp-json\/wp\/v2\/users\/5"}],"replies":[{"embeddable":true,"href":"https:\/\/financiere-teychene.com\/en\/wp-json\/wp\/v2\/comments?post=7780"}],"version-history":[{"count":0,"href":"https:\/\/financiere-teychene.com\/en\/wp-json\/wp\/v2\/posts\/7780\/revisions"}],"wp:featuredmedia":[{"embeddable":true,"href":"https:\/\/financiere-teychene.com\/en\/wp-json\/wp\/v2\/media\/7790"}],"wp:attachment":[{"href":"https:\/\/financiere-teychene.com\/en\/wp-json\/wp\/v2\/media?parent=7780"}],"wp:term":[{"taxonomy":"category","embeddable":true,"href":"https:\/\/financiere-teychene.com\/en\/wp-json\/wp\/v2\/categories?post=7780"},{"taxonomy":"post_tag","embeddable":true,"href":"https:\/\/financiere-teychene.com\/en\/wp-json\/wp\/v2\/tags?post=7780"}],"curies":[{"name":"wp","href":"https:\/\/api.w.org\/{rel}","templated":true}]}}